{"id":445,"date":"2018-08-27T17:01:49","date_gmt":"2018-08-27T20:01:49","guid":{"rendered":"http:\/\/iziseguros.com.br\/blog\/?p=445"},"modified":"2018-08-27T17:01:49","modified_gmt":"2018-08-27T20:01:49","slug":"cobre-estudantes-universitarios","status":"publish","type":"post","link":"https:\/\/iziseguros.com.br\/blog\/cobre-estudantes-universitarios\/","title":{"rendered":"Cobre Estudantes Universit\u00e1rios"},"content":{"rendered":"<p>SulAm\u00e9rica Odonto foi feito especialmente para atender \u00e0s suas necessidades na hora de cuidar da sa\u00fade bucal. Sabemos que no Brasil a assist\u00eancia m\u00e9dica \u00e9 um direito de todos e um dever do Estado. No entanto, pa\u00eds ainda encontra muitas dificuldades no caminho para seu desenvolvimento e acesso \u00e0 sa\u00fade p\u00fablica ainda \u00e9 uma determina\u00e7\u00e3o da Constitui\u00e7\u00e3o que lutamos para dar concretude.<\/p>\n<p>Compreende-se por forma\u00e7\u00e3o continuada todo estudo realizado pelo educador ap\u00f3s termino da gradua\u00e7\u00e3o. At\u00e9 a d\u00e9cada de oitenta, n\u00e3o havia uma grande preocupa\u00e7\u00e3o com a forma\u00e7\u00e3o continuada de professores. A partir dos anos noventa, n\u00e3o s\u00f3 houve uma preocupa\u00e7\u00e3o com a forma\u00e7\u00e3o continuada, como esta passou a ser considerada uma estrat\u00e9gia importante para caracterizar processo de constru\u00e7\u00e3o do perfil profissional do professor.<\/p>\n<p>A fisioterapia apresenta-se como uma resposta \u00e0s necessidades da comunidade sendo PSF uma forma atual de viabilizar esse acesso. Dessa forma a fisioterapia poder\u00e1 contribuir em \u00e1reas como na sa\u00fade da mulher, grupos de gestantes, idosos, hipertensos sa\u00fade do trabalhador entre outros.<\/p>\n<p>crescimento \u00e9 influenciado por determinantes intr\u00ednsecos como a gen\u00e9tica, metabolismo e extr\u00ednsecos como a alimenta\u00e7\u00e3o, sa\u00fade, a moradia, higiene entre outros. Esses determinantes ser\u00e3o os fatores essenciais para que individuo atinja crescimento linear ou seja a estatura final. (BRASIL, 2002).<\/p>\n<p>Analistas t\u00eam afirmado que a atividade de fus\u00f5es e aquisi\u00e7\u00f5es no setor de seguros de sa\u00fade estava esperando pela defini\u00e7\u00e3o de regras do governo norte-americano para chamado plano Obamacare, que mantiveram subs\u00eddios importantes dando mais visibilidade para as seguradoras.<\/p>\n<p>A amplia\u00e7\u00e3o\u201d do rol de legitimados passivos em a\u00e7\u00f5es indenizat\u00f3rias por erro de profissional liberal de Medicina por servi\u00e7os prestados em conseq\u00fc\u00eancia de planos privados de sa\u00fade para abranger as operadoras destes planos \u00e9 casu\u00edstica jurisprudencial sustentadora da aplica\u00e7\u00e3o irrestrita do CDC, percept\u00edvel na multiplicidade de demandas em que os servi\u00e7os de assist\u00eancia m\u00e9dica s\u00e3o prestados indevidamente, denotando, por vezes, fato do servi\u00e7o.<\/p>\n<p>No que se refere \u00e0 educa\u00e7\u00e3o da crian\u00e7a pequena em creches e pr\u00e9-escolas, pr\u00e1ticas educativas e conceitos b\u00e1sicos foram sendo constru\u00eddos com base em situa\u00e7\u00f5es sociais concretas que, por sua vez, geraram regulamenta\u00e7\u00f5es e leis como parte de pol\u00edticas p\u00fablicas historicamente elaboradas. Concep\u00e7\u00f5es muitas vezes antag\u00f4nicas, defendidas na educa\u00e7\u00e3o infantil t\u00eam ra\u00edzes em momentos hist\u00f3ricos diversos e s\u00e3o postas em pr\u00e1tica hoje sem considerar contexto de sua produ\u00e7\u00e3o. OLIVEIRA (2008, p. 57).<\/p>\n<p>Este Seguro de Sa\u00fade oferece uma cobertura completa de todo tipo de despesas de Sa\u00fade, incluindo as despesas mais comuns, como consultas e exames, at\u00e9 despesas mais excecionais, como hospitaliza\u00e7\u00e3o, despesas com doen\u00e7as graves ou despesas com tratamentos que necessite realizar fora de Portugal.<\/p>\n<p>A genialidade da determina\u00e7\u00e3o, em 1962, do objetivo Sa\u00fade Para Todos \u00e9 a presen\u00e7a de servi\u00e7os de atendimento prim\u00e1rio. A maioria dos pa\u00edses desenvolvidos possui esses servi\u00e7os, mas mesmo nesses pa\u00edses, alguns grupos, como os pobres e as popula\u00e7\u00f5es de \u00e1reas remotas, t\u00eam um acesso limitado a eles. Nos pa\u00edses em desenvolvimento, a disponibilidade dos servi\u00e7os de sa\u00fade \u00e9 muito desigual, estando a popula\u00e7\u00e3o rural e a popula\u00e7\u00e3o, que pode ser vista como um indicador da disponibilidade, cresceu de 5% para 40%, no per\u00edodo de 1970 a 1980; em alguns pa\u00edses, atingiu um n\u00edvel \u00f3timo, mas em diversos outros, menos desenvolvidos, ela \u00e9 menor que 15%.<\/p>\n<p>P\u00f4de-se perceber que houve preocupa\u00e7\u00e3o por parte de todos os Centros Infantis pesquisados em deixar os m\u00f3veis mais seguros para as crian\u00e7as. As institui\u00e7\u00f5es que se destacaram nesse aspecto foi Centro de Educa\u00e7\u00e3o Infantil Colm\u00e9ia&#8217;s &#8211; que al\u00e9m de arredondarem os cantos das mesas e cadeiras, tamb\u00e9m disponibilizaram mesas redondas especialmente para as crian\u00e7as menores- e Centro de Educa\u00e7\u00e3o Infantil Pequeno Mundo, que disponibiliza uma linha de m\u00f3veis em madeira, feita especialmente para as crian\u00e7as da Escola.<\/p>\n<p>Al\u00e9m disso, patrocina os interesses de diversas corretoras de seguros, empresas transportadoras e frotistas, taxistas, propriet\u00e1rios de ve\u00edculos <a href=\"http:\/\/iziseguros.com.br\/blog\">Seguro de Vida<\/a> sem seguro e segurados em geral. Tamb\u00e9m disponibiliza servi\u00e7os de consultoria e assessoria jur\u00eddica no \u00e2mbito judicial e extrajudicial.<\/p>\n","protected":false},"excerpt":{"rendered":"<p>SulAm\u00e9rica Odonto foi feito especialmente para atender \u00e0s suas necessidades na hora de cuidar da sa\u00fade bucal. Sabemos que no Brasil a assist\u00eancia m\u00e9dica \u00e9 um direito de todos e um dever do Estado. No entanto, pa\u00eds ainda encontra muitas dificuldades no caminho para seu desenvolvimento e acesso \u00e0 sa\u00fade p\u00fablica ainda \u00e9 uma determina\u00e7\u00e3o [&hellip;]<\/p>\n","protected":false},"author":1,"featured_media":446,"comment_status":"open","ping_status":"open","sticky":false,"template":"","format":"standard","meta":{"_mi_skip_tracking":false},"categories":[6],"tags":[],"_links":{"self":[{"href":"https:\/\/iziseguros.com.br\/blog\/wp-json\/wp\/v2\/posts\/445"}],"collection":[{"href":"https:\/\/iziseguros.com.br\/blog\/wp-json\/wp\/v2\/posts"}],"about":[{"href":"https:\/\/iziseguros.com.br\/blog\/wp-json\/wp\/v2\/types\/post"}],"author":[{"embeddable":true,"href":"https:\/\/iziseguros.com.br\/blog\/wp-json\/wp\/v2\/users\/1"}],"replies":[{"embeddable":true,"href":"https:\/\/iziseguros.com.br\/blog\/wp-json\/wp\/v2\/comments?post=445"}],"version-history":[{"count":0,"href":"https:\/\/iziseguros.com.br\/blog\/wp-json\/wp\/v2\/posts\/445\/revisions"}],"wp:featuredmedia":[{"embeddable":true,"href":"https:\/\/iziseguros.com.br\/blog\/wp-json\/wp\/v2\/media\/446"}],"wp:attachment":[{"href":"https:\/\/iziseguros.com.br\/blog\/wp-json\/wp\/v2\/media?parent=445"}],"wp:term":[{"taxonomy":"category","embeddable":true,"href":"https:\/\/iziseguros.com.br\/blog\/wp-json\/wp\/v2\/categories?post=445"},{"taxonomy":"post_tag","embeddable":true,"href":"https:\/\/iziseguros.com.br\/blog\/wp-json\/wp\/v2\/tags?post=445"}],"curies":[{"name":"wp","href":"https:\/\/api.w.org\/{rel}","templated":true}]}}